{"id":963,"date":"2024-11-01T06:09:36","date_gmt":"2024-11-01T06:09:36","guid":{"rendered":"https:\/\/www.paskutineszinios.lt\/index.php\/2024\/11\/01\/gydytojo-karjera-baiges-valerijus-lapsinas-ivertintas-ir-pacientu-ir-kolegu\/"},"modified":"2024-11-01T06:09:36","modified_gmt":"2024-11-01T06:09:36","slug":"gydytojo-karjera-baiges-valerijus-lapsinas-ivertintas-ir-pacientu-ir-kolegu","status":"publish","type":"post","link":"https:\/\/www.paskutineszinios.lt\/index.php\/2024\/11\/01\/gydytojo-karjera-baiges-valerijus-lapsinas-ivertintas-ir-pacientu-ir-kolegu\/","title":{"rendered":"Gydytojo karjer\u0105 baig\u0119s Valerijus Lap\u0161inas \u012fvertintas ir pacient\u0173, ir koleg\u0173"},"content":{"rendered":"<p> <br \/>\n<\/p>\n<p><\/p>\n<p>Respublikin\u0117s \u0160iauli\u0173 ligonin\u0117s Vaik\u0173 lig\u0173 klinikos bendruomen\u0117 sureng\u0117 \u0161vent\u0119, skirt\u0105 gydytojo karjer\u0105 baigusiam Vaik\u0173 intensyviosios terapijos gydytojui anesteziologui reanimatologui, Nusipelniusiam Lietuvos gydytojui Valerijui Lap\u0161inui.<\/p>\n<p>Keturis de\u0161imtme\u010dius skyriuje dirb\u0119s ir ilgus metus jam vadovav\u0119s gydytojas peln\u0117 koleg\u0173 pagarb\u0105 ir meil\u0119, tad ir atsisveikinimo \u0161vent\u0117je nestigo nuo\u0161ird\u017ei\u0173 pad\u0117kos \u017eod\u017ei\u0173, net li\u016bdesio a\u0161ar\u0173.<\/p>\n<blockquote>\n<p>\u201eGer\u0105 ved\u0117j\u0105 sunku rasti, dar sunkiau j\u012f bus pamir\u0161ti\u201c, \u2013 sak\u0117 skyriaus bendradarbiai.<\/p>\n<\/blockquote>\n<figure>\n<p><figure style=\"width: 1024px\" class=\"wp-caption aligncenter\"><img decoding=\"async\" loading=\"lazy\" src=\"https:\/\/siauliuligonine.lt\/wp-content\/uploads\/2024\/10\/DSC01019-1024x804.jpg\" alt=\"\" width=\"1024\" height=\"804\" data-old-src=\"data:image\/svg+xml,%3Csvg%20xmlns=\"http:\/\/www.w3.org\/2000\/svg\"%20viewBox='0%200%201024%20804'%3E%3C\/svg%3E\" \/><figcaption class=\"wp-caption-text\">U\u017e ilgamet\u012f, kruop\u0161t\u0173 ir atsaking\u0105 darb\u0105 gydytojui vaik\u0173 anesteziologui reanimatologuis d\u0117kojo administracijos atstov\u0117s Aira Me\u010d\u0117jien\u0117, Danut\u0117 Jadzevi\u010dien\u0117 bei kolegos. (Zitos Katkien\u0117s nuotr.)<\/figcaption><\/figure>\n<\/figure>\n<div id=\"ez-toc-container\" class=\"ez-toc-v2_0_82_2 counter-hierarchy ez-toc-counter ez-toc-grey ez-toc-container-direction\">\n<div class=\"ez-toc-title-container\">\n<p class=\"ez-toc-title\" style=\"cursor:inherit\">Turinys:<\/p>\n<span class=\"ez-toc-title-toggle\"><a href=\"#\" class=\"ez-toc-pull-right ez-toc-btn ez-toc-btn-xs ez-toc-btn-default ez-toc-toggle\" aria-label=\"Toggle Table of Content\"><span class=\"ez-toc-js-icon-con\"><span class=\"\"><span class=\"eztoc-hide\" style=\"display:none;\">Toggle<\/span><span class=\"ez-toc-icon-toggle-span\"><svg style=\"fill: #999;color:#999\" xmlns=\"http:\/\/www.w3.org\/2000\/svg\" class=\"list-377408\" width=\"20px\" height=\"20px\" viewBox=\"0 0 24 24\" fill=\"none\"><path d=\"M6 6H4v2h2V6zm14 0H8v2h12V6zM4 11h2v2H4v-2zm16 0H8v2h12v-2zM4 16h2v2H4v-2zm16 0H8v2h12v-2z\" fill=\"currentColor\"><\/path><\/svg><svg style=\"fill: #999;color:#999\" class=\"arrow-unsorted-368013\" xmlns=\"http:\/\/www.w3.org\/2000\/svg\" width=\"10px\" height=\"10px\" viewBox=\"0 0 24 24\" version=\"1.2\" baseProfile=\"tiny\"><path d=\"M18.2 9.3l-6.2-6.3-6.2 6.3c-.2.2-.3.4-.3.7s.1.5.3.7c.2.2.4.3.7.3h11c.3 0 .5-.1.7-.3.2-.2.3-.5.3-.7s-.1-.5-.3-.7zM5.8 14.7l6.2 6.3 6.2-6.3c.2-.2.3-.5.3-.7s-.1-.5-.3-.7c-.2-.2-.4-.3-.7-.3h-11c-.3 0-.5.1-.7.3-.2.2-.3.5-.3.7s.1.5.3.7z\"\/><\/svg><\/span><\/span><\/span><\/a><\/span><\/div>\n<nav><ul class='ez-toc-list ez-toc-list-level-1 ' ><li class='ez-toc-page-1 ez-toc-heading-level-2'><a class=\"ez-toc-link ez-toc-heading-1\" href=\"https:\/\/www.paskutineszinios.lt\/index.php\/2024\/11\/01\/gydytojo-karjera-baiges-valerijus-lapsinas-ivertintas-ir-pacientu-ir-kolegu\/#Dekojo_ir_kviete_grizti\" >D\u0117kojo ir kviet\u0117 gr\u012f\u017eti<\/a><\/li><li class='ez-toc-page-1 ez-toc-heading-level-2'><a class=\"ez-toc-link ez-toc-heading-2\" href=\"https:\/\/www.paskutineszinios.lt\/index.php\/2024\/11\/01\/gydytojo-karjera-baiges-valerijus-lapsinas-ivertintas-ir-pacientu-ir-kolegu\/#Ivertinimu_nestigo\" >\u012evertinim\u0173 nestigo<\/a><\/li><\/ul><\/nav><\/div>\n<h2 id='d\u0117kojo-ir-kviet\u0117-gr\u012f\u017eti'><span class=\"ez-toc-section\" id=\"Dekojo_ir_kviete_grizti\"><\/span>D\u0117kojo ir kviet\u0117 gr\u012f\u017eti<span class=\"ez-toc-section-end\"><\/span><\/h2>\n<p>Pad\u0117kos \u017eod\u017eius nuo ligonin\u0117s administracijos perdav\u0117 Respublikin\u0117s \u0160iauli\u0173 ligonin\u0117s direktoriaus pavaduotoja medicinai Aira Me\u010d\u0117jien\u0117. U\u017e taip ilgai, atsakingai ir kruop\u0161\u010diai dirbtus metus gydymo \u012fstaigoje ir tiek daug ger\u0173 darb\u0173 padarius \u012fteikta Respublikin\u0117s \u0160iauli\u0173 ligonin\u0117s direktoriaus Mindaugo Pauliuko pad\u0117ka.<\/p>\n<p>U\u017e kruop\u0161t\u0173, atsaking\u0105 darb\u0105 bei pasi\u0161ventim\u0105 savo profesijai \u012fteiktas ir Atminimo \u017eenklelis, o gydytojas pakviestas dar nei\u0161eiti i\u0161 skyriaus, bet trumpai pails\u0117ti, apm\u0105styti pra\u0117jusius metus ir v\u0117l gr\u012f\u017eti t\u0119sti darb\u0173.<\/p>\n<p>U\u017e ypatingai profesional\u0173 darb\u0105, keturiasde\u0161imt met\u0173, praleist\u0173 prie pacient\u0173 lovos d\u0117kojo ir Moters ir vaiko klinikos Vaik\u0173 lig\u0173 profilio koordinator\u0117s pareigas laikinai einanti gydytoja Danut\u0117 Jadzevi\u010dien\u0117.<\/p>\n<p>D\u0117kota gydytojui u\u017e nuo\u0161ird\u017ei\u0105 bendryst\u0119, an\u016bk\u0173 gydym\u0105, net ir u\u017e tuos \u017eod\u017eius, kurie buvusiam ved\u0117jui Valerijui Lap\u0161inui i\u0161spr\u016bsdavo \u012ftampos ir nuovargio nualintoje kasdienyb\u0117je, reanimuojant pacient\u0105. Koleg\u0173 pad\u0117kos u\u017e pamokas ir kantryb\u0119, dalinimasis prisiminimais, \u012fam\u017eintais nuotraukose, apsikabinimai, akyse \u017evilgan\u010dios a\u0161aros ir g\u0117li\u0173 puok\u0161t\u0117s pasako daug apie \u017emog\u0173, su kuriuo daugel\u012f met\u0173 dalintasi profesiniais r\u016bpes\u010diais.<\/p>\n<figure>\n<p><figure style=\"width: 1024px\" class=\"wp-caption aligncenter\"><img decoding=\"async\" loading=\"lazy\" src=\"https:\/\/siauliuligonine.lt\/wp-content\/uploads\/2024\/10\/DSC01040-1024x627.jpg\" alt=\"\" width=\"1024\" height=\"627\" data-old-src=\"data:image\/svg+xml,%3Csvg%20xmlns=\"http:\/\/www.w3.org\/2000\/svg\"%20viewBox='0%200%201024%20627'%3E%3C\/svg%3E\" \/><figcaption class=\"wp-caption-text\">Atsisveikinti su gydytojo karjer\u0105 baigusiu gydytoju vaik\u0173 anersteziologu reanimatologu Valerijumi Lap\u0161inu susirinko didelis b\u016brys vaik\u0173 lig\u0173 profilio specialist\u0173, administracijos vadov\u0173. (Zitos Katkien\u0117s nuotr.)<\/figcaption><\/figure>\n<\/figure>\n<h2 id='\u012fvertinim\u0173-nestigo'><span class=\"ez-toc-section\" id=\"Ivertinimu_nestigo\"><\/span>\u012evertinim\u0173 nestigo<span class=\"ez-toc-section-end\"><\/span><\/h2>\n<p>Valerijus Lap\u0161inas gim\u0117 1956 met\u0173 gegu\u017e\u0117s 5 dien\u0105 Rezekn\u0117je (Latvija). 1980 metais atvyko studijuoti i\u0161 Kaliningrado \u012f Kauno medicinos institut\u0105, kur\u012f baig\u0119s \u012fsidarbino Klaip\u0117dos ligonin\u0117s Vaik\u0173 intensyviosios terapijos skyriuje.<\/p>\n<p>Dirbti \u012f Respublikin\u0119 \u0160iauli\u0173 ligonin\u0119 atvyko 1986 met\u0173 gegu\u017e\u0117s 11 dien\u0105 gydytoju anesteziologu-reanimatologu. Po met\u0173 jaunam gydytojui suteikta I gydytojo anesteziologo-reanimatologo kvalifikacin\u0117 kategorija. 1997 metais jam patvirtinta auk\u0161\u010diausia vaik\u0173 intensyviosios terapijos ir reanimacijos gydytojo kvalifikacin\u0117 kategorija.<\/p>\n<p>Valerijus Lap\u0161inas nuo 1991 met\u0173 spalio m\u0117nesio paskirtas Vaik\u0173 lig\u0173 stacionaro skyriaus ved\u0117ju. Jo pagalba ir r\u016bpes\u010diu \u012fsteigtas Vaik\u0173 reanimacijos ir intensyviosios terapijos skyrius, iki tol buv\u0119s drauge su suaugusi\u0173j\u0173 reanimacija.<\/p>\n<p>1992 metais V. Lap\u0161inas paskirtas \u0161io naujai \u012fsteigto skyriaus ved\u0117ju. Vadovo r\u016bpes\u010diu buvo \u012fvykdytas projektas su \u0160veicarijos specialistais ir \u012frengtas modernus, \u0161iuolaiki\u0161kas Vaik\u0173 intensyviosios terapijos skyrius.<\/p>\n<p>2009 met\u0173 gale skyrius buvo perkeltas \u012f Moters ir vaiko klinik\u0105, kur gydytojas iki \u0161iol ir dirbo \u0161io skyriaus vaik\u0173 gydytoju anesteziologu-reanimatologu. Daugiau nei keturis de\u0161imtme\u010dius skyr\u0119s sunkios b\u016bkl\u0117s vaik\u0173 gydymui ir gaivinimui vaik\u0173 gydytojas anesteziologas-reanimatologas V. Lap\u0161inas palieka ry\u0161k\u0173 p\u0117dsak\u0105 profesin\u0117je veikloje.<\/p>\n<blockquote>\n<p>\u201eMes dirbame visi kartu, draugi\u0161kai vieni kitiems perduodami darbus\u201c, \u2013 kukliai vertino savo ind\u0117l\u012f Nusipeln\u0119s Lietuvos gydytojas.<\/p>\n<\/blockquote>\n<p>Paklaustas, kod\u0117l baigia karjer\u0105, gydytojas pasiteisino pensijiniu am\u017eiumi ir sveikatos problemomis.<\/p>\n<p>V. Lap\u0161inas drauge su \u017emona Dalia u\u017eaugino s\u016bn\u0173 Ben\u0105, pasirinkus\u012f verslumo keli\u0105, ir dukr\u0105 Elen\u0105 Norg\u0117lien\u0119, kuri dirba t\u0105 pat\u012f sunk\u0173 vaik\u0173 intensyviosios terapijos gydytojos darb\u0105 ir augina s\u016bn\u0173 Jok\u016bb\u0105. Tad senelio, t\u0117\u010dio bei vyro d\u0117mesio su d\u017eiaugsmu laukia ne tik artimieji, bet ir tie darbai, kuri\u0173 nesp\u0117davo \u012fveikti, pasin\u0117r\u0119s \u012f sunki\u0105 gydytojo kasdienyb\u0119.<\/p>\n<p><span style=\"font-size: 10pt\"><em>\u2022 Zita Katkien\u0117, vie\u0161\u0173j\u0173 ry\u0161i\u0173 specialist\u0117<\/em><\/span><\/p>\n<p>\u0160ia publikacija dalinasi Lietuvos region\u0173 naujien\u0173 portalas \u201eMiesto naujienos\u201c. Daugiau sau ir savo miestui aktuali\u0173 naujien\u0173 rasite portale Miesto naujienos.<\/p>\n<p><br \/>\n<br \/><a href=\"https:\/\/miestonaujienos.lt\/gydytojo-karjera-baiges-valerijus-lapsinas-ivertintas-ir-pacientu-ir-kolegu\/\">Source link <\/a><\/p>\n","protected":false},"excerpt":{"rendered":"<p>Respublikin\u0117s \u0160iauli\u0173 ligonin\u0117s Vaik\u0173 lig\u0173 klinikos bendruomen\u0117 sureng\u0117 \u0161vent\u0119, skirt\u0105 gydytojo karjer\u0105 baigusiam Vaik\u0173 intensyviosios terapijos gydytojui anesteziologui reanimatologui, Nusipelniusiam Lietuvos gydytojui Valerijui Lap\u0161inui. Keturis de\u0161imtme\u010dius skyriuje dirb\u0119s ir ilgus metus jam vadovav\u0119s gydytojas peln\u0117 koleg\u0173 pagarb\u0105 ir meil\u0119, tad ir atsisveikinimo \u0161vent\u0117je nestigo nuo\u0161ird\u017ei\u0173 pad\u0117kos \u017eod\u017ei\u0173, net li\u016bdesio a\u0161ar\u0173. \u201eGer\u0105 ved\u0117j\u0105 sunku rasti, dar [&hellip;]<\/p>\n","protected":false},"author":1,"featured_media":964,"comment_status":"","ping_status":"","sticky":false,"template":"","format":"standard","meta":{"om_disable_all_campaigns":false,"_monsterinsights_skip_tracking":false,"_monsterinsights_sitenote_active":false,"_monsterinsights_sitenote_note":"","_monsterinsights_sitenote_category":0,"footnotes":""},"categories":[3],"tags":[1619,1618,1622,1017,1623,1621,645,1620],"class_list":["post-963","post","type-post","status-publish","format-standard","has-post-thumbnail","hentry","category-miestu-idomybes-aktualijos","tag-baiges","tag-gydytojo","tag-ivertintas","tag-karjera","tag-kolegu","tag-lapsinas","tag-pacientu","tag-valerijus"],"aioseo_notices":[],"_links":{"self":[{"href":"https:\/\/www.paskutineszinios.lt\/index.php\/wp-json\/wp\/v2\/posts\/963","targetHints":{"allow":["GET"]}}],"collection":[{"href":"https:\/\/www.paskutineszinios.lt\/index.php\/wp-json\/wp\/v2\/posts"}],"about":[{"href":"https:\/\/www.paskutineszinios.lt\/index.php\/wp-json\/wp\/v2\/types\/post"}],"author":[{"embeddable":true,"href":"https:\/\/www.paskutineszinios.lt\/index.php\/wp-json\/wp\/v2\/users\/1"}],"replies":[{"embeddable":true,"href":"https:\/\/www.paskutineszinios.lt\/index.php\/wp-json\/wp\/v2\/comments?post=963"}],"version-history":[{"count":0,"href":"https:\/\/www.paskutineszinios.lt\/index.php\/wp-json\/wp\/v2\/posts\/963\/revisions"}],"wp:featuredmedia":[{"embeddable":true,"href":"https:\/\/www.paskutineszinios.lt\/index.php\/wp-json\/wp\/v2\/media\/964"}],"wp:attachment":[{"href":"https:\/\/www.paskutineszinios.lt\/index.php\/wp-json\/wp\/v2\/media?parent=963"}],"wp:term":[{"taxonomy":"category","embeddable":true,"href":"https:\/\/www.paskutineszinios.lt\/index.php\/wp-json\/wp\/v2\/categories?post=963"},{"taxonomy":"post_tag","embeddable":true,"href":"https:\/\/www.paskutineszinios.lt\/index.php\/wp-json\/wp\/v2\/tags?post=963"}],"curies":[{"name":"wp","href":"https:\/\/api.w.org\/{rel}","templated":true}]}}