{"id":201,"date":"2024-07-28T13:32:45","date_gmt":"2024-07-28T13:32:45","guid":{"rendered":"https:\/\/www.paskutineszinios.lt\/index.php\/2024\/07\/28\/atsvente-sateikiu-430-metu-sukakti\/"},"modified":"2024-07-28T13:32:45","modified_gmt":"2024-07-28T13:32:45","slug":"atsvente-sateikiu-430-metu-sukakti","status":"publish","type":"post","link":"https:\/\/www.paskutineszinios.lt\/index.php\/2024\/07\/28\/atsvente-sateikiu-430-metu-sukakti\/","title":{"rendered":"At\u0161vent\u0117 \u0160ateiki\u0173 430 met\u0173 sukakt\u012f"},"content":{"rendered":"<p> <br \/>\n<\/p>\n<p><img decoding=\"async\" width=\"1200\" height=\"802\" src=\"https:\/\/miestonaujienos.lt\/wp-content\/uploads\/2024\/07\/282506-atsvente-sateikiu-430-metu-sukakti.jpg\" class=\"attachment-post-thumbnail size-post-thumbnail wp-post-image\" alt=\"atsvente-sateikiu-430-metu-sukakti\" loading=\"lazy\" \/><\/p>\n<p>Pra\u0117jus\u012f savaitgal\u012f \u0161ateiki\u0161kiai min\u0117jo \u0160ateiki\u0173 kaimo pamin\u0117jimo ra\u0161ytiniuose \u0161altiniuose 430 met\u0173 sukakt\u012f, kartu at\u0161v\u0119sdami ir tradicin\u0119 \u0160ateiki\u0173 \u0161vent\u0119 \u201eMano kaimo vasara 2024\u201c.<\/p>\n<p>Tiesa, \u0161iemet renginiai prad\u0117ti nuo ketvirtadienio \u2013 \u0160ateiki\u0173 \u0160v. evangelisto Morkaus ba\u017eny\u010dioje aukotos \u0161v. Mi\u0161ios, paminint vien\u0105 \u0161ateiki\u0161kiams ypa\u010d svarbi\u0105 sukakt\u012f \u2013 prie\u0161 115 met\u0173 j\u0173 ba\u017enyt\u0117l\u0117je susituok\u0117 menininkas Konstantinas Mikalojus \u010ciurlionis ir Sofija Kymantait\u0117.<\/p>\n<figure style=\"width: 1024px\" class=\"wp-caption aligncenter\"><img decoding=\"async\" loading=\"lazy\" src=\"https:\/\/www.plunge.lt\/wp-content\/uploads\/2024\/07\/DSC_0295_-1024x685.jpg\" alt=\"Baigiamoji koncerto daina\" width=\"1024\" height=\"685\" data-id=\"97821\" \/><figcaption class=\"wp-caption-text\">Baigiamoji koncerto daina<\/figcaption><\/figure>\n<p>Ta proga \u0161ateiki\u0161kius sveikino Plung\u0117s rajono savivaldyb\u0117s meras Audrius Kli\u0161onis, koncertavo vaik\u0173 ir jaunimo choras \u201e\u017diburys\u201c (vadov\u0117 Jurgita Arlauskien\u0117), ansamblis \u201eSaviti\u201c (vadov\u0117 Laima Domarkien\u0117), operos solistas Liudas Mikalauskas, M. K.\u010ciurlionio lai\u0161kus Sofijai skait\u0117 aktor\u0117 Virginija Kochanskyt\u0117.<\/p>\n<figure style=\"width: 1024px\" class=\"wp-caption aligncenter\"><img decoding=\"async\" loading=\"lazy\" src=\"https:\/\/www.plunge.lt\/wp-content\/uploads\/2024\/07\/SNF_7137_-1024x682.jpg\" alt=\"Sveikinimai \u0161ven\u010diantiesiems santuokos jubiliejus\" width=\"1024\" height=\"682\" data-id=\"97825\" \/><figcaption class=\"wp-caption-text\">Sveikinimai \u0161ven\u010diantiesiems santuokos jubiliejus<\/figcaption><\/figure>\n<p>Sulaukta ir i\u0161skirtini\u0173 sve\u010di\u0173 ir dovan\u0173: \u0160ateikiuose vaikyst\u0119 leid\u0119s dailininkas Aloyzas Stasiulevi\u010dius \u0160ateiki\u0173 ba\u017eny\u010diai padovanojo savo paveiksl\u0105, filosofas dr. Arvydas Juozaitis \u0160ateiki\u0173 kult\u016bros centro direktorei Danutei \u0160atkuvienei \u2013 pjes\u0119 \u201eM. K. \u010ciurlionis. Juodoji saul\u0117\u201c.<\/p>\n<figure style=\"width: 1024px\" class=\"wp-caption aligncenter\"><img decoding=\"async\" loading=\"lazy\" src=\"https:\/\/www.plunge.lt\/wp-content\/uploads\/2024\/07\/SNF_7360_-1024x682.jpg\" alt=\"Sporto var\u017eyb\u0173 nugal\u0117toj\u0173 apdovanojimas\" width=\"1024\" height=\"682\" data-id=\"97826\" \/><figcaption class=\"wp-caption-text\">Sporto var\u017eyb\u0173 nugal\u0117toj\u0173 apdovanojimas<\/figcaption><\/figure>\n<p>Na, o \u0161e\u0161tadien\u012f \u0161ateiki\u0161kiai prad\u0117jo ypa\u010d anksti \u2013 6 valand\u0105 prasid\u0117jo \u017evej\u0173 var\u017eytuv\u0117s. V\u0117liau \u2013 gyventoj\u0173 \u017eadinimas, krep\u0161inio, tinklinio, futbolo ir kitokios var\u017eybos, pramogos vaikams.<\/p>\n<figure style=\"width: 1024px\" class=\"wp-caption aligncenter\"><img decoding=\"async\" loading=\"lazy\" src=\"https:\/\/www.plunge.lt\/wp-content\/uploads\/2024\/07\/SNF_6646_-1024x431.jpg\" alt=\"\u0160ateiki\u0173 padang\u0119 rai\u017e\u0117 l\u0117ktuvai\" width=\"1024\" height=\"431\" data-id=\"97823\" \/><figcaption class=\"wp-caption-text\">\u0160ateiki\u0173 padang\u0119 rai\u017e\u0117 l\u0117ktuvai<\/figcaption><\/figure>\n<p>Vakare \u2013 linksmoji dalis, kuri prad\u0117ta sveikinimais, sportini\u0173 var\u017eyb\u0173 nugal\u0117toj\u0173 apdovanojimu, per pastaruosius metus susituokusi\u0173 por\u0173 ir gimusi\u0173 ma\u017eyli\u0173 pasveikinimu, santuokos jubiliejus\u00a0 \u0161ven\u010dian\u010di\u0173 sutuoktini\u0173 ir bendruomen\u0117s lyderi\u0173 pagerbimu.<\/p>\n<figure style=\"width: 1024px\" class=\"wp-caption aligncenter\"><img decoding=\"async\" loading=\"lazy\" src=\"https:\/\/www.plunge.lt\/wp-content\/uploads\/2024\/07\/SNF_6826_-1024x682.jpg\" alt=\"\u0160ateiki\u0161kius sveikina Seimo nariai ir Savivaldyb\u0117s vadovai\" width=\"1024\" height=\"682\" data-id=\"97824\" \/><figcaption class=\"wp-caption-text\">\u0160ateiki\u0161kius sveikina Seimo nariai ir Savivaldyb\u0117s vadovai<\/figcaption><\/figure>\n<p>\u0160ateiki\u0173 pamin\u0117jimo 430 met\u0173 proga visus sveikino Seimo nariai Jonas Varkalys ir Jurgis Razma. 50 met\u0173 kult\u016brinei veiklai atidavusiai Danutei \u0160atkuvienei Jonas Varkalys \u012fteik\u0117 pad\u0117kos ra\u0161t\u0105, jubiliejinio gimtadienio proga pasveikinta ir Laima Domarkien\u0117.<\/p>\n<p>Sveikinim\u0173 \u0161ateiki\u0161kiams negail\u0117jo ir Plung\u0117s rajono savivaldyb\u0117s meras Audrius Kli\u0161onis, Savivaldyb\u0117s vicemeras \u017dydr\u016bnas Purauskis, Savivaldyb\u0117s administarcijos direktorius Dalius Pe\u010diulis, Savivaldyb\u0117s tarybos Vietos \u016bkio ir ekologijos komiteto narys Gediminas Stonys.<\/p>\n<p>Mero pad\u0117kos ra\u0161t\u0173 nusipeln\u0117 aktyviausi bendruomen\u0117s nariai: Mikas Salys, Simona Gricien\u0117, \u00a0Marius Arlauskas, Juozas Bernius, Antanas Jasas, Romut\u0117 Luko\u0161ien\u0117, Juozas Mila\u0161ius, Toma Baguckien\u0117, Raimonda Vainiu\u0161ien\u0117.<\/p>\n<p>\u0160ateiki\u0161kius d\u017eiugino \u0160ateiki\u0173 padang\u0119 rai\u017e\u0119 trys l\u0117ktuvai, koncertavo \u0160ateiki\u0173 kult\u016bros centro ir kviestiniai sve\u010diai. Tad linksmybi\u0173 tikrai netr\u016bko!<\/p>\n<p><em><span style=\"font-size: 10pt\">\u2022 U\u017e nuotraukas i\u0161 \u0161e\u0161tadienio renginio a\u010di\u016b Sauliui Narkui.<\/span><\/em><\/p>\n<p>Daugiau naujien\u0173 rasite portale <a rel=\"nofollow\" href=\"https:\/\/miestonaujienos.lt\">Miesto naujienos<\/a>.<\/p>\n<p><br \/>\n<br \/><a href=\"https:\/\/miestonaujienos.lt\/atsvente-sateikiu-430-metu-sukakti\/\">Source link <\/a><\/p>\n","protected":false},"excerpt":{"rendered":"<p>Pra\u0117jus\u012f savaitgal\u012f \u0161ateiki\u0161kiai min\u0117jo \u0160ateiki\u0173 kaimo pamin\u0117jimo ra\u0161ytiniuose \u0161altiniuose 430 met\u0173 sukakt\u012f, kartu at\u0161v\u0119sdami ir tradicin\u0119 \u0160ateiki\u0173 \u0161vent\u0119 \u201eMano kaimo vasara 2024\u201c. Tiesa, \u0161iemet renginiai prad\u0117ti nuo ketvirtadienio \u2013 \u0160ateiki\u0173 \u0160v. evangelisto Morkaus ba\u017eny\u010dioje aukotos \u0161v. Mi\u0161ios, paminint vien\u0105 \u0161ateiki\u0161kiams ypa\u010d svarbi\u0105 sukakt\u012f \u2013 prie\u0161 115 met\u0173 j\u0173 ba\u017enyt\u0117l\u0117je susituok\u0117 menininkas Konstantinas Mikalojus \u010ciurlionis ir [&hellip;]<\/p>\n","protected":false},"author":1,"featured_media":202,"comment_status":"open","ping_status":"open","sticky":false,"template":"","format":"standard","meta":{"om_disable_all_campaigns":false,"_monsterinsights_skip_tracking":false,"_monsterinsights_sitenote_active":false,"_monsterinsights_sitenote_note":"","_monsterinsights_sitenote_category":0,"footnotes":""},"categories":[3],"tags":[],"class_list":["post-201","post","type-post","status-publish","format-standard","has-post-thumbnail","hentry","category-miestu-idomybes-aktualijos"],"aioseo_notices":[],"_links":{"self":[{"href":"https:\/\/www.paskutineszinios.lt\/index.php\/wp-json\/wp\/v2\/posts\/201","targetHints":{"allow":["GET"]}}],"collection":[{"href":"https:\/\/www.paskutineszinios.lt\/index.php\/wp-json\/wp\/v2\/posts"}],"about":[{"href":"https:\/\/www.paskutineszinios.lt\/index.php\/wp-json\/wp\/v2\/types\/post"}],"author":[{"embeddable":true,"href":"https:\/\/www.paskutineszinios.lt\/index.php\/wp-json\/wp\/v2\/users\/1"}],"replies":[{"embeddable":true,"href":"https:\/\/www.paskutineszinios.lt\/index.php\/wp-json\/wp\/v2\/comments?post=201"}],"version-history":[{"count":0,"href":"https:\/\/www.paskutineszinios.lt\/index.php\/wp-json\/wp\/v2\/posts\/201\/revisions"}],"wp:featuredmedia":[{"embeddable":true,"href":"https:\/\/www.paskutineszinios.lt\/index.php\/wp-json\/wp\/v2\/media\/202"}],"wp:attachment":[{"href":"https:\/\/www.paskutineszinios.lt\/index.php\/wp-json\/wp\/v2\/media?parent=201"}],"wp:term":[{"taxonomy":"category","embeddable":true,"href":"https:\/\/www.paskutineszinios.lt\/index.php\/wp-json\/wp\/v2\/categories?post=201"},{"taxonomy":"post_tag","embeddable":true,"href":"https:\/\/www.paskutineszinios.lt\/index.php\/wp-json\/wp\/v2\/tags?post=201"}],"curies":[{"name":"wp","href":"https:\/\/api.w.org\/{rel}","templated":true}]}}