{"id":192,"date":"2024-07-27T12:45:34","date_gmt":"2024-07-27T12:45:34","guid":{"rendered":"https:\/\/www.paskutineszinios.lt\/index.php\/2024\/07\/27\/kuliuose-surmuliavo-vasaros-svente-miesto-naujienos\/"},"modified":"2024-07-27T12:45:34","modified_gmt":"2024-07-27T12:45:34","slug":"kuliuose-surmuliavo-vasaros-svente-miesto-naujienos","status":"publish","type":"post","link":"https:\/\/www.paskutineszinios.lt\/index.php\/2024\/07\/27\/kuliuose-surmuliavo-vasaros-svente-miesto-naujienos\/","title":{"rendered":"Kuliuose \u0161urmuliavo vasaros \u0161vent\u0117 | Miesto naujienos"},"content":{"rendered":"<p> <br \/>\n<\/p>\n<div>\n<p>I\u0161 \u0161e\u0161tadien\u012f, ir sekmadien\u012f Kuli\u0173 miestelyje netilo \u0161ventinis \u0161urmulys: \u0161e\u0161tadien\u012f \u010dia \u0161v\u0119sta tradicin\u0117 Kuli\u0173 seni\u016bnijos vasaros \u0161vent\u0117, sekmadien\u012f \u2013 \u0160v\u010d. Mergel\u0117s Marijos \u0160kaplierin\u0117s atlaidai. Tai \u0161vent\u0117s, sukvie\u010dian\u010dios esamus ir buvusius kuli\u0161kius bei gaus\u0173 b\u016br\u012f sve\u010di\u0173.<\/p>\n<p>\u0160e\u0161tadien\u012f Kuliuose apsilank\u0117 ir \u0161vent\u0117s proga visus pasveikino Seimo narys Jonas Varkalys, Plung\u0117s rajono savivaldyb\u0117s vicemeras \u017dydr\u016bnas Purauskis, Savivaldyb\u0117s administracijos direktorius Dalius Pe\u010diulis, sekmadien\u012f, \u0161ven\u010diant atlaidus, kuli\u0161kius pasveikino Savivaldyb\u0117s meras Audrius Kli\u0161onis.<\/p>\n<div class=\"g g-28\">\n<div class=\"g-single a-198\"><a class=\"gofollow\" data-track=\"MTk4LDI4LDEsMTA=\" href=\"https:\/\/www.autodoc.lt\/\" target=\"_blank\" alt=\"autodoc.lt\" rel=\"noopener\"><img decoding=\"async\" src=\"https:\/\/miestonaujienos.lt\/wp-content\/uploads\/2015\/12\/autodoclt-948x200-jpg-statika.jpg\" width=\"100%\"\/><\/a><\/div>\n<\/div>\n<figure style=\"width: 1024px\" class=\"wp-caption aligncenter\"><img decoding=\"async\" loading=\"lazy\" src=\"https:\/\/www.plunge.lt\/wp-content\/uploads\/2024\/07\/eisena5_-1024x682.jpg\" alt=\"Kuli\u0173 kult\u016bros centro vadov\u0117 Agn\u0117 Al\u010dauskien\u0117 ir Savivaldyb\u0117s vicemeras \u017dydr\u016bnas Purauskis\" width=\"1024\" height=\"682\" data-id=\"97818\"\/><figcaption class=\"wp-caption-text\">Kuli\u0173 kult\u016bros centro vadov\u0117 Agn\u0117 Al\u010dauskien\u0117 ir Savivaldyb\u0117s vicemeras \u017dydr\u016bnas Purauskis<\/figcaption><\/figure>\n<p>Seimo narys Jonas Varkalys pad\u0117kos ra\u0161tu apdovanojo Kuli\u0173 seni\u016bn\u0119 Daivut\u0119 Petrauskien\u0119, Savivaldyb\u0117s vicemeras \u017dydr\u016bnas Purauskis mero pasira\u0161yt\u0105 pad\u0117k\u0105 \u012fteik\u0117 ilgametei Kuli\u0173 gimnazijos direktor\u0117s pavaduotojai Alvyrai Vir\u0161ilienei.<\/p>\n<figure style=\"width: 1024px\" class=\"wp-caption aligncenter\"><img decoding=\"async\" loading=\"lazy\" src=\"https:\/\/www.plunge.lt\/wp-content\/uploads\/2024\/07\/eisena4_-1024x757.jpg\" alt=\"Geriausi\u0173 sportinink\u0173 apdovanojimai\" width=\"1024\" height=\"757\" data-id=\"97817\"\/><figcaption class=\"wp-caption-text\">Geriausi\u0173 sportinink\u0173 apdovanojimai<\/figcaption><\/figure>\n<p>Kuli\u0161kiai \u0161vent\u0119 prad\u0117jo \u017evej\u0173 var\u017eytuv\u0117mis, o vidurdien\u012f visus kviet\u0117 \u012f \u0161ventin\u0119 eisen\u0105, kurioje netr\u016bko klegesio, spalv\u0173 ir, \u017einoma, geros nuotaikos. \u012e j\u0105 jung\u0117si seni\u016bnija, sve\u010diai, seni\u016bnijos kaimai, gatvi\u0173 kvartalai, gatv\u0117s ir t. t. Vieni p\u0117stut\u0117, kiti ratuoti, ne\u0161ini g\u0117l\u0117mis, balionais, plakatais, muzikuodami, dainuodami ir skanduodami trauk\u0117 \u012f \u0161vent\u0117s viet\u0105.<\/p>\n<figure style=\"width: 1024px\" class=\"wp-caption aligncenter\"><img decoding=\"async\" loading=\"lazy\" src=\"https:\/\/www.plunge.lt\/wp-content\/uploads\/2024\/07\/eisena2_-1024x682.jpg\" alt=\"Jono Varkalio pad\u0117ka Daivutei Petrauskienei\" width=\"1024\" height=\"682\" data-id=\"97815\"\/><figcaption class=\"wp-caption-text\">Jono Varkalio pad\u0117ka Daivutei Petrauskienei<\/figcaption><\/figure>\n<p>Sporti\u0161kiausieji j\u0117gas i\u0161band\u0117 orientavimosi sporto, krep\u0161inio, stalo teniso var\u017eybose, linksmosiose bei i\u0161tverm\u0117s ir j\u0117gos rungtyse. Be to, vyko l\u0117tojo automobili\u0173 slalomo bei dvivie\u010di\u0173 baidari\u0173 var\u017eybos.<\/p>\n<figure style=\"width: 1024px\" class=\"wp-caption aligncenter\"><img decoding=\"async\" loading=\"lazy\" src=\"https:\/\/www.plunge.lt\/wp-content\/uploads\/2024\/07\/eisena3_-1024x682.jpg\" alt=\"Sveikinimai ma\u017e\u0173j\u0173 kuli\u0161ki\u0173 t\u0117veliams\" width=\"1024\" height=\"682\" data-id=\"97816\"\/><figcaption class=\"wp-caption-text\">Sveikinimai ma\u017e\u0173j\u0173 kuli\u0161ki\u0173 t\u0117veliams<\/figcaption><\/figure>\n<p>Po sporto var\u017eyb\u0173 visi buvo kvie\u010diami \u012f vakarin\u0119 \u0161vent\u0117s dal\u012f, kuri prad\u0117ta nuo apdovanojim\u0173. O j\u0173 buvo daug \u2013 pagerbti sporto var\u017eyb\u0173 nugal\u0117tojai, gra\u017eiausiai tvarkom\u0173 sodyb\u0173 \u0161eimininkai, \u0161iemet Kuli\u0173 seni\u016bnijoje gimusi\u0173 vaiku\u010di\u0173 t\u0117veliai ir t. t.<\/p>\n<p>Sekmadien\u012f, kaip ir kasmet, visus kviet\u0117 Kuli\u0173 ba\u017eny\u010dios tituliniai atlaidai \u2013 \u0160v\u010d. Mergel\u0117 Marija \u0160kaplierin\u0117. Po pamald\u0173 \u2013 agap\u0117 su trankia kapelos muzika.<\/p>\n<div class=\"g g-43\">\n<div class=\"g-single a-213\"><a class=\"gofollow\" data-track=\"MjEzLDQzLDEsMTA=\" href=\"https:\/\/miestonaujienos.lt\/pranesimu-spaudai-platinimas-efektyvus-matomumo-ir-pelno-didinimas\/\"><img decoding=\"async\" src=\"https:\/\/miestonaujienos.lt\/wp-content\/uploads\/2015\/12\/pranesimu-spaudai-platinimas.jpg\" width=\"100%\"\/><\/a><\/div>\n<\/div>\n<\/div>\n<p><script>(function(d, s, id) {\nvar js, fjs = d.getElementsByTagName(s)[0];\nif (d.getElementById(id)) return;\njs = d.createElement(s); js.id = id;\njs.src = \"\/\/connect.facebook.net\/lt_LT\/sdk.js#xfbml=1&version=v2.10\";\nfjs.parentNode.insertBefore(js, fjs);\n}(document, 'script', 'facebook-jssdk'));<\/script><br \/>\n<br \/><br \/>\n<br \/><a href=\"https:\/\/miestonaujienos.lt\/kuliuose-surmuliavo-vasaros-svente\/\">Source link <\/a><\/p>\n","protected":false},"excerpt":{"rendered":"<p>I\u0161 \u0161e\u0161tadien\u012f, ir sekmadien\u012f Kuli\u0173 miestelyje netilo \u0161ventinis \u0161urmulys: \u0161e\u0161tadien\u012f \u010dia \u0161v\u0119sta tradicin\u0117 Kuli\u0173 seni\u016bnijos vasaros \u0161vent\u0117, sekmadien\u012f \u2013 \u0160v\u010d. Mergel\u0117s Marijos \u0160kaplierin\u0117s atlaidai. Tai \u0161vent\u0117s, sukvie\u010dian\u010dios esamus ir buvusius kuli\u0161kius bei gaus\u0173 b\u016br\u012f sve\u010di\u0173. \u0160e\u0161tadien\u012f Kuliuose apsilank\u0117 ir \u0161vent\u0117s proga visus pasveikino Seimo narys Jonas Varkalys, Plung\u0117s rajono savivaldyb\u0117s vicemeras \u017dydr\u016bnas Purauskis, Savivaldyb\u0117s administracijos [&hellip;]<\/p>\n","protected":false},"author":1,"featured_media":193,"comment_status":"open","ping_status":"open","sticky":false,"template":"","format":"standard","meta":{"om_disable_all_campaigns":false,"_monsterinsights_skip_tracking":false,"_monsterinsights_sitenote_active":false,"_monsterinsights_sitenote_note":"","_monsterinsights_sitenote_category":0,"footnotes":""},"categories":[3],"tags":[],"class_list":["post-192","post","type-post","status-publish","format-standard","has-post-thumbnail","hentry","category-miestu-idomybes-aktualijos"],"aioseo_notices":[],"_links":{"self":[{"href":"https:\/\/www.paskutineszinios.lt\/index.php\/wp-json\/wp\/v2\/posts\/192","targetHints":{"allow":["GET"]}}],"collection":[{"href":"https:\/\/www.paskutineszinios.lt\/index.php\/wp-json\/wp\/v2\/posts"}],"about":[{"href":"https:\/\/www.paskutineszinios.lt\/index.php\/wp-json\/wp\/v2\/types\/post"}],"author":[{"embeddable":true,"href":"https:\/\/www.paskutineszinios.lt\/index.php\/wp-json\/wp\/v2\/users\/1"}],"replies":[{"embeddable":true,"href":"https:\/\/www.paskutineszinios.lt\/index.php\/wp-json\/wp\/v2\/comments?post=192"}],"version-history":[{"count":0,"href":"https:\/\/www.paskutineszinios.lt\/index.php\/wp-json\/wp\/v2\/posts\/192\/revisions"}],"wp:featuredmedia":[{"embeddable":true,"href":"https:\/\/www.paskutineszinios.lt\/index.php\/wp-json\/wp\/v2\/media\/193"}],"wp:attachment":[{"href":"https:\/\/www.paskutineszinios.lt\/index.php\/wp-json\/wp\/v2\/media?parent=192"}],"wp:term":[{"taxonomy":"category","embeddable":true,"href":"https:\/\/www.paskutineszinios.lt\/index.php\/wp-json\/wp\/v2\/categories?post=192"},{"taxonomy":"post_tag","embeddable":true,"href":"https:\/\/www.paskutineszinios.lt\/index.php\/wp-json\/wp\/v2\/tags?post=192"}],"curies":[{"name":"wp","href":"https:\/\/api.w.org\/{rel}","templated":true}]}}