{"id":1649,"date":"2024-12-27T10:13:06","date_gmt":"2024-12-27T10:13:06","guid":{"rendered":"https:\/\/www.paskutineszinios.lt\/index.php\/2024\/12\/27\/2024-metu-apzvalga-be-remeliu\/"},"modified":"2024-12-27T10:13:06","modified_gmt":"2024-12-27T10:13:06","slug":"2024-metu-apzvalga-be-remeliu","status":"publish","type":"post","link":"https:\/\/www.paskutineszinios.lt\/index.php\/2024\/12\/27\/2024-metu-apzvalga-be-remeliu\/","title":{"rendered":"2024 met\u0173 ap\u017evalga: be r\u0117meli\u0173"},"content":{"rendered":"<p> <br \/>\n<\/p>\n<div>\n<p>Silpnai ap\u0161viestame kambaryje subtilus cinamono ir gvazdik\u0117li\u0173 kvapas \u012fkv\u0117p\u0117 dviej\u0173 ne\u012ftik\u0117tin\u0173 purvo instaliacij\u0173. Dailinink\u0117 Delcy Morelos pristat\u0117 Dia Chelsea iki 2024 m. liepos m\u0117n <em>El Abrazo<\/em>dviej\u0173 konkre\u010diai vietai skirt\u0173 skulpt\u016br\u0173 paroda, kvie\u010dianti u\u017emegzti sakral\u0173 ry\u0161\u012f su dirvo\u017eemiu, kuris gal\u0117jo b\u016bti labiausiai stebinantis ir labiausiai tenkinantis menas \u0161i\u0173 met\u0173 Niujorke.<\/p>\n<p><\/p>\n<p>Menininkas Antonio Sant\u00edn pristat\u0117 \u0161okiruojan\u010diai hiperrealistinius aliejinius paveikslus, kuriuose vaizduojami nat\u016bralaus dyd\u017eio banguoti puo\u0161n\u016bs kilim\u0117liai. Vasario m\u0117nes\u012f Marc Straus galerijoje matomas paveikslas yra stebina 3D erdv\u0117s kilimo iliuzija, ta\u010diau i\u0161 arti jie yra dar \u012fsp\u016bdingesni. Kruop\u0161\u010diai pritaikius modifikuotu \u0161virk\u0161tu, t\u016bkstan\u010diai ma\u017e\u0173 teptuko pot\u0117pi\u0173 reikalauja nuolatinio patikrinimo ir naujo \u017eavesio tiek tekstilei, tiek da\u017eams.<\/p>\n<p><img loading=\"lazy\" decoding=\"async\" class=\"alignnone size-large wp-image-565019\" src=\"https:\/\/design-milk.com\/images\/2024\/12\/2024-Year-in-Review-3-Frank-Stella-Jeffrey-Deitch-810x607.jpg\" alt=\"\u017dmogus stovi galerijoje su didel\u0117mis, spalvingomis abstrak\u010diomis skulpt\u016bromis po auk\u0161tomis lubomis su stoglangiais.\" width=\"810\" height=\"607\" srcset=\"https:\/\/design-milk.com\/images\/2024\/12\/2024-Year-in-Review-3-Frank-Stella-Jeffrey-Deitch-810x607.jpg 810w, https:\/\/design-milk.com\/images\/2024\/12\/2024-Year-in-Review-3-Frank-Stella-Jeffrey-Deitch-800x599.jpg 800w, https:\/\/design-milk.com\/images\/2024\/12\/2024-Year-in-Review-3-Frank-Stella-Jeffrey-Deitch-768x575.jpg 768w, https:\/\/design-milk.com\/images\/2024\/12\/2024-Year-in-Review-3-Frank-Stella-Jeffrey-Deitch.jpg 1280w\" sizes=\"auto, (max-width: 810px) 100vw, 810px\"\/><\/p>\n<p>Legendinis menininkas Frankas Stella ir toliau \u012frodo savo neprilygstam\u0105 smalsum\u0105 ir sugeb\u0117jim\u0105 i\u0161rasti i\u0161 naujo. Jo paroda \u2013 <em>Frank Stella: Naujausia skulpt\u016bra<\/em> \u2013 Jeffrey Deitch, Niujorko SoHo kaimynyst\u0117je, pristat\u0117 penkias masyvias skulpt\u016bras su spalvas kei\u010dian\u010diais elementais, kurie jau\u010diasi taip, lyg bet kuri\u0105 sekund\u0119 gal\u0117t\u0173 pakilti \u012f or\u0105. Paroda buvo vizual\u016bs kalneliai, stebinantys formomis, spalvomis, gravitacija ir masteliu, erdv\u0117je, kuri kvie\u010dia \u012fvairiais lygmenimis.<\/p>\n<p><img loading=\"lazy\" decoding=\"async\" class=\"alignnone size-large wp-image-565021\" src=\"https:\/\/design-milk.com\/images\/2024\/12\/2024-Year-in-Review-4-Vik-Muniz-Sikkema-Jenkins-810x540.jpg\" alt=\"Abstrak\u010diojo meno k\u016brinio, primenan\u010dio veid\u0105, stambiu planu, sudaryt\u0105 i\u0161 daugiasluoksni\u0173 popieriaus lap\u0173 su \u012fmantriais ra\u0161tais monochrominiais tonais, daugiausia \u017ealia ir juoda.\" width=\"810\" height=\"540\" srcset=\"https:\/\/design-milk.com\/images\/2024\/12\/2024-Year-in-Review-4-Vik-Muniz-Sikkema-Jenkins-810x540.jpg 810w, https:\/\/design-milk.com\/images\/2024\/12\/2024-Year-in-Review-4-Vik-Muniz-Sikkema-Jenkins-800x533.jpg 800w, https:\/\/design-milk.com\/images\/2024\/12\/2024-Year-in-Review-4-Vik-Muniz-Sikkema-Jenkins-768x512.jpg 768w, https:\/\/design-milk.com\/images\/2024\/12\/2024-Year-in-Review-4-Vik-Muniz-Sikkema-Jenkins.jpg 1280w\" sizes=\"auto, (max-width: 810px) 100vw, 810px\"\/><\/p>\n<p>Vik Muniz, ne\u012ftik\u0117tin\u0173 vaizd\u0173 i\u0161 netik\u0117t\u0173 dalyk\u0173 k\u016brimo meistras, debiutavo savo naujausioje serijoje, <em>Teisinis konkursas<\/em>Sikkema Jenkins &#038; Co vakarin\u0117je Manheteno pus\u0117je. \u012e dvigub\u0105 parod\u0105 \u012ftraukta Munizo k\u016bryba v\u0117l \u0161ven\u010dia kasdien\u0119 med\u017eiag\u0105, u\u017edega vaizduot\u0119, sujaukia tikrov\u0119, kvestionuoja dabartines simboli\u0173 ir vaizdavimo sistemas.<\/p>\n<p><img loading=\"lazy\" decoding=\"async\" class=\"alignnone size-large wp-image-565023\" src=\"https:\/\/design-milk.com\/images\/2024\/12\/2024-Year-in-Review-5-Tara-Donovan-Pace-Gallery-810x540.jpg\" alt=\"Metalin\u0117s, simetri\u0161kos, sluoksniuotos strukt\u016bros su atspindin\u010diu pavir\u0161iumi stambiu planu, primenan\u010diu sud\u0117ting\u0105 vertikali\u0173 bang\u0173 ra\u0161t\u0105.\" width=\"810\" height=\"540\" srcset=\"https:\/\/design-milk.com\/images\/2024\/12\/2024-Year-in-Review-5-Tara-Donovan-Pace-Gallery-810x540.jpg 810w, https:\/\/design-milk.com\/images\/2024\/12\/2024-Year-in-Review-5-Tara-Donovan-Pace-Gallery-800x533.jpg 800w, https:\/\/design-milk.com\/images\/2024\/12\/2024-Year-in-Review-5-Tara-Donovan-Pace-Gallery-768x512.jpg 768w, https:\/\/design-milk.com\/images\/2024\/12\/2024-Year-in-Review-5-Tara-Donovan-Pace-Gallery.jpg 1280w\" sizes=\"auto, (max-width: 810px) 100vw, 810px\"\/><\/p>\n<p>Daugiau nei 2 de\u0161imtme\u010dius meninink\u0117 Tara Donovan savo darbuose transformavo kasdienius objektus \u2013 nuo \u200b\u200bplastikini\u0173 \u0161iaudeli\u0173, put\u0173 polistirolo puodeli\u0173 ir dant\u0173 krap\u0161tuk\u0173 \u2013 kurdama eterin\u0119 vizualin\u0119 magij\u0105 per itin tikslias netik\u0117tas sankaupas. Jos gegu\u017e\u0117s m\u0117nesio paroda <em>Stratagems<\/em> Pace galerijoje Niujorke, debiutavo 11 nauj\u0173 i\u0161kilusi\u0173 skulpt\u016br\u0173, sukurt\u0173 i\u0161 t\u016bkstan\u010di\u0173 naudot\u0173 kompaktini\u0173 disk\u0173.<\/p>\n<p><img loading=\"lazy\" decoding=\"async\" class=\"alignnone size-large wp-image-565026\" src=\"https:\/\/design-milk.com\/images\/2024\/12\/2024-Year-in-Review-6-Hiroshi-Sugimoto-Lisson-Gallery-810x608.jpg\" alt=\"Meno galerija su trimis \u012fr\u0117mintais vienspalviais gradientais ant sienos: raudona, geltona ir m\u0117lyna. Metalin\u0117 skulpt\u016bra stovi ant poliruoto betono grind\u0173 su vaivoryk\u0161t\u0117s \u0161viesos atspind\u017eiu.\" width=\"810\" height=\"608\" srcset=\"https:\/\/design-milk.com\/images\/2024\/12\/2024-Year-in-Review-6-Hiroshi-Sugimoto-Lisson-Gallery-810x608.jpg 810w, https:\/\/design-milk.com\/images\/2024\/12\/2024-Year-in-Review-6-Hiroshi-Sugimoto-Lisson-Gallery-800x600.jpg 800w, https:\/\/design-milk.com\/images\/2024\/12\/2024-Year-in-Review-6-Hiroshi-Sugimoto-Lisson-Gallery-768x576.jpg 768w, https:\/\/design-milk.com\/images\/2024\/12\/2024-Year-in-Review-6-Hiroshi-Sugimoto-Lisson-Gallery.jpg 1280w\" sizes=\"auto, (max-width: 810px) 100vw, 810px\"\/><\/p>\n<p>Bir\u017eelio m\u0117nes\u012f Hiroshi Sugimoto fotografij\u0173 serija buvo ap\u017ei\u016br\u0117ta Lisson galerijoje Niujorke parodoje pavadinimu <em>Optin\u0117 aliuzija<\/em>. Garsusis fotografas fiksuoja nery\u0161kius abstrak\u010dius l\u016b\u017eusios dienos \u0161viesos vaizdus, \u200b\u200bkurie rodomi greta tikrosios prizm\u0117s, kuri buvo panaudota juos kuriant, kvie\u010dia patirti ap\u010diuopiam\u0105 \u0161vies\u0105 ir laik\u0105.<\/p>\n<p><img loading=\"lazy\" decoding=\"async\" class=\"alignnone size-large wp-image-565120\" src=\"https:\/\/design-milk.com\/images\/2024\/12\/2024-Year-in-Review-7-2NYExhibitions-Mother-Load-James-Cohan-810x540.jpg\" alt=\"\u017dmogus rudu paltu eina pro didel\u0119 kaban\u010di\u0105 mobili\u0105 skulpt\u016br\u0105 ir \u012fr\u0117mint\u0105 m\u0117lyn\u0105 meno k\u016brin\u012f ant galerijos sienos.\" width=\"810\" height=\"540\" srcset=\"https:\/\/design-milk.com\/images\/2024\/12\/2024-Year-in-Review-7-2NYExhibitions-Mother-Load-James-Cohan-810x540.jpg 810w, https:\/\/design-milk.com\/images\/2024\/12\/2024-Year-in-Review-7-2NYExhibitions-Mother-Load-James-Cohan-800x533.jpg 800w, https:\/\/design-milk.com\/images\/2024\/12\/2024-Year-in-Review-7-2NYExhibitions-Mother-Load-James-Cohan-768x512.jpg 768w, https:\/\/design-milk.com\/images\/2024\/12\/2024-Year-in-Review-7-2NYExhibitions-Mother-Load-James-Cohan.jpg 1280w\" sizes=\"auto, (max-width: 810px) 100vw, 810px\"\/><\/p>\n<p>Kiekvien\u0105 liep\u0105 dauguma Niujorko \u0161iuolaikini\u0173 galerij\u0173 pristato \u201egrupines parodas\u201c \u2013 svaiginan\u010di\u0105 intelektualaus kuravimo \u012fvairov\u0119, netik\u0117tus sugretinimus ir \u012fdomi\u0173 nauj\u0173 meninink\u0173 prisistatym\u0173. Galerijos taip pat pereina \u012f \u201evasaros valandas\u201c (savaitgaliais nedirba), tod\u0117l galimas \u017ei\u016br\u0117jimo laikas gali b\u016bti ribotas. Dvi parodos, kurios kartu pristat\u0117 per 60 meninink\u0173, i\u0161manias temas ir daugyb\u0119 staigmen\u0173: <em>Motina Lode: med\u017eiaga ir atmintis <\/em>ap\u017ei\u016br\u0117ti James Cohan galerijoje dviejose Tribekos vietose ir <em>Ra\u0161tai<\/em> galima pamatyti Luhring Augustine galerijoje tiek Tribeca, tiek Chelsea vietose.<\/p>\n<p><img loading=\"lazy\" decoding=\"async\" class=\"alignnone size-large wp-image-565122\" src=\"https:\/\/design-milk.com\/images\/2024\/12\/2024-Year-in-Review-8-Steve-McQueen-Dia-Beacon-810x409.jpg\" alt=\"Silpnai ap\u0161viestas kambarys su raudonais fluorescenciniais lub\u0173 \u0161viestuvais ir keliomis eil\u0117mis i\u0161d\u0117stytomis kolonomis.\" width=\"810\" height=\"409\" srcset=\"https:\/\/design-milk.com\/images\/2024\/12\/2024-Year-in-Review-8-Steve-McQueen-Dia-Beacon-810x409.jpg 810w, https:\/\/design-milk.com\/images\/2024\/12\/2024-Year-in-Review-8-Steve-McQueen-Dia-Beacon-800x404.jpg 800w, https:\/\/design-milk.com\/images\/2024\/12\/2024-Year-in-Review-8-Steve-McQueen-Dia-Beacon-768x388.jpg 768w, https:\/\/design-milk.com\/images\/2024\/12\/2024-Year-in-Review-8-Steve-McQueen-Dia-Beacon.jpg 1280w\" sizes=\"auto, (max-width: 810px) 100vw, 810px\"\/><\/p>\n<p>Visada ne\u012ftik\u0117tinoje \u0161iuolaikinio meno erdv\u0117je \u201eDia Beacon\u201c, esan\u010dioje visai \u0161alia Niujorko, buvo surengtos dvi papildomos baim\u0119 \u012fkvepian\u010dios Felix Gonzalez-Torres ir Steve McQueen instaliacijos. Suporuotas su daugybe papildom\u0173 visame pasaulyje garsi\u0173 \u012frengini\u0173 ilgalaik\u0117je perspektyvoje, kelion\u0117 \u012f Beacon visada verta kelion\u0117s.<\/p>\n<p><img loading=\"lazy\" decoding=\"async\" class=\"alignnone size-large wp-image-565126\" src=\"https:\/\/design-milk.com\/images\/2024\/12\/2024-Year-in-Review-9-Liza-Lou-Lehmann-Maupin--810x540.jpg\" alt=\"Spalvingas \u012fvairi\u0173 spalv\u0173, \u012fskaitant raudon\u0105, \u017eali\u0105, gelton\u0105 ir balt\u0105, smulki\u0173, i\u0161sibars\u010diusi\u0173 karoliuk\u0173 asortimentas ant lygaus pavir\u0161iaus.\" width=\"810\" height=\"540\" srcset=\"https:\/\/design-milk.com\/images\/2024\/12\/2024-Year-in-Review-9-Liza-Lou-Lehmann-Maupin--810x540.jpg 810w, https:\/\/design-milk.com\/images\/2024\/12\/2024-Year-in-Review-9-Liza-Lou-Lehmann-Maupin--800x533.jpg 800w, https:\/\/design-milk.com\/images\/2024\/12\/2024-Year-in-Review-9-Liza-Lou-Lehmann-Maupin--768x512.jpg 768w, https:\/\/design-milk.com\/images\/2024\/12\/2024-Year-in-Review-9-Liza-Lou-Lehmann-Maupin-.jpg 1280w\" sizes=\"auto, (max-width: 810px) 100vw, 810px\"\/><\/p>\n<p>Dailinink\u0117s Lizos Lou paroda <em>Tapyba<\/em> Lehmann Maupin galerijoje Niujorke debiutavo 12 nauj\u0173 darb\u0173, pagamint\u0173 i\u0161 de\u0161im\u010di\u0173 t\u016bkstan\u010di\u0173 spalving\u0173 stiklo karoliuk\u0173, primenan\u010di\u0173 teptuko pot\u0117pius. Tai spalv\u0173 ir tekst\u016bros staigmena, kuri suteikia daugiau intrigos, kuo labiau \u017ei\u016brite i\u0161 ar\u010diau \u2013 da\u017e\u0173 ir pikseli\u0173, lengvo ir ypatingo fizi\u0161kumo hibridas. \u012ekv\u0117pta savo patirties \u017ei\u016brint \u012f da\u017eus pro mikroskop\u0105, Liza Lou v\u0117l i\u0161kelia savo firmin\u0119 med\u017eiag\u0105 \u012f naujas ir netik\u0117tas galimybes.<\/p>\n<p><img loading=\"lazy\" decoding=\"async\" class=\"alignnone size-large wp-image-565132\" src=\"https:\/\/design-milk.com\/images\/2024\/12\/2024-Year-in-Review-10-Joel-Shapiro-Pace-Gallery-810x540.jpg\" alt=\"\u017dmogus vaik\u0161to prie dideli\u0173 geometrini\u0173 raudonos, m\u0117lynos ir geltonos spalvos skulpt\u016br\u0173 modernioje, baltomis sienel\u0117mis su poliruoto betono grindimis galerijos erdv\u0117je.\" width=\"810\" height=\"540\" srcset=\"https:\/\/design-milk.com\/images\/2024\/12\/2024-Year-in-Review-10-Joel-Shapiro-Pace-Gallery-810x540.jpg 810w, https:\/\/design-milk.com\/images\/2024\/12\/2024-Year-in-Review-10-Joel-Shapiro-Pace-Gallery-800x533.jpg 800w, https:\/\/design-milk.com\/images\/2024\/12\/2024-Year-in-Review-10-Joel-Shapiro-Pace-Gallery-768x512.jpg 768w, https:\/\/design-milk.com\/images\/2024\/12\/2024-Year-in-Review-10-Joel-Shapiro-Pace-Gallery.jpg 1280w\" sizes=\"auto, (max-width: 810px) 100vw, 810px\"\/><\/p>\n<p>Joelio \u0160apiro skulpt\u016bros spinduliuoja d\u017eiaugsm\u0105, jos nepaiso gravitacijos ir atrodo, kad juda, kai vaik\u0161tai aplink jas. Jo paroda Pace&#8217;e Niujorke, <em>Joelis Shapiro: I\u0161 m\u0117lynos spalvos<\/em>buvo viskas, ko norite i\u0161 Shapiro su naujais netik\u0117tumais. Pristat\u0119s iki \u0161iol did\u017eiausi\u0105 savo med\u017eio skulpt\u016br\u0105 kartu su keliolika ma\u017e\u0173 studij\u0173 ir bronzos, tai buvo \u017eaismingai protinga patirtis su spalvomis, erdve, med\u017eiagomis ir judesiu, leid\u017eian\u010diu jud\u0117ti ratu.<\/p>\n<p><img loading=\"lazy\" decoding=\"async\" class=\"alignnone size-large wp-image-565134\" src=\"https:\/\/design-milk.com\/images\/2024\/12\/2024-Year-in-Review-11-Olafur-Eliasson-Tanya-Bonakdar-810x540.jpg\" alt=\"\u017dmogus stovi tamsiame kambaryje su didel\u0117mis, spalvingomis \u0161viesos projekcijomis ant sienos ir \u0161vies\u0173 eile ant stov\u0173, atsukt\u0173 \u012f projekcijas.\" width=\"810\" height=\"540\" srcset=\"https:\/\/design-milk.com\/images\/2024\/12\/2024-Year-in-Review-11-Olafur-Eliasson-Tanya-Bonakdar-810x540.jpg 810w, https:\/\/design-milk.com\/images\/2024\/12\/2024-Year-in-Review-11-Olafur-Eliasson-Tanya-Bonakdar-800x533.jpg 800w, https:\/\/design-milk.com\/images\/2024\/12\/2024-Year-in-Review-11-Olafur-Eliasson-Tanya-Bonakdar-768x512.jpg 768w, https:\/\/design-milk.com\/images\/2024\/12\/2024-Year-in-Review-11-Olafur-Eliasson-Tanya-Bonakdar.jpg 1280w\" sizes=\"auto, (max-width: 810px) 100vw, 810px\"\/><\/p>\n<p>Island\u0173 ir dan\u0173 menininko Olafuro Eliassono k\u016bryba visada jaut\u0117si kaip siurrealistinis jausm\u0173 u\u017etaisas, tarsi pirm\u0105 kart\u0105 i\u0161gyvenantis keist\u0105 reg\u0117jimo magij\u0105. Jo paroda <em>J\u016bs\u0173 psichoakustinis \u0161viesos ansamblis<\/em> buvo per\u017ei\u016br\u0117tas Tanya Bonakdar galerijoje Niujorke su \u012fvairiais suvokim\u0105 trikdan\u010diomis naujais darbais, \u012fskaitant spektrin\u0119 \u0161vies\u0105 imituojan\u010dias akvareles, naujas spalvas kei\u010dian\u010dias stiklo skulpt\u016bras ir stebinant\u012f kambar\u012f, kuriame garsas tampa matomas, o \u0161viesa \u2013 girdima. Visa tai sudaro eteri\u0161k\u0105 ir nuostab\u0173 pasinerti \u012f triu\u0161io duob\u0119 tiek jausmams, tiek psichikai.<\/p>\n<p><em><strong>Per\u017ei\u016br\u0117kite likusi\u0105 \u201eDesign Milk\u201c met\u0173 pabaigos apr\u0117pt\u012f \u010dia!<\/strong><\/em><\/p>\n<div class=\"author-box\">\n<div class=\"author-thumbnail\">\n<div class=\"author-thumbnail-container\">\n                                        <img decoding=\"async\" src=\"https:\/\/design-milk.com\/images\/2021\/11\/Caroline-Williamson-100x100.jpg\" srcset=\"https:\/\/design-milk.com\/images\/2021\/11\/Caroline-Williamson.jpg 2x\" loading=\"lazy\" width=\"100\" height=\"100\" class=\"avatar\" alt=\"\"\/><!--                                        -->                                    <\/div>\n<\/p><\/div>\n<div class=\"author-bio-contents\">\n<div class=\"author-bio\">\n<p>Caroline Williamson yra \u201eDesign Milk\u201c vyriausioji redaktor\u0117. Ji turi BFA fotografijos srityje i\u0161 SCAD ir paprastai j\u0105 galima rasti ie\u0161kant senovini\u0173 gamini\u0173, kuriant New York Times kry\u017eia\u017eod\u017eius ra\u0161ikliu arba perdarin\u0117jan\u010di\u0105 grojara\u0161\u010dius \u201eSpotify\u201c.<\/p>\n<\/div><\/div>\n<\/p><\/div>\n<\/p><\/div>\n<p><br \/>\n<br \/><a href=\"https:\/\/design-milk.com\/2024-year-in-review-unframed\/?utm_source=rss&#038;utm_medium=rss&#038;utm_campaign=2024-year-in-review-unframed\">Source link <\/a><\/p>\n","protected":false},"excerpt":{"rendered":"<p>Silpnai ap\u0161viestame kambaryje subtilus cinamono ir gvazdik\u0117li\u0173 kvapas \u012fkv\u0117p\u0117 dviej\u0173 ne\u012ftik\u0117tin\u0173 purvo instaliacij\u0173. Dailinink\u0117 Delcy Morelos pristat\u0117 Dia Chelsea iki 2024 m. liepos m\u0117n El Abrazodviej\u0173 konkre\u010diai vietai skirt\u0173 skulpt\u016br\u0173 paroda, kvie\u010dianti u\u017emegzti sakral\u0173 ry\u0161\u012f su dirvo\u017eemiu, kuris gal\u0117jo b\u016bti labiausiai stebinantis ir labiausiai tenkinantis menas \u0161i\u0173 met\u0173 Niujorke. Menininkas Antonio Sant\u00edn pristat\u0117 \u0161okiruojan\u010diai hiperrealistinius [&hellip;]<\/p>\n","protected":false},"author":1,"featured_media":1650,"comment_status":"","ping_status":"","sticky":false,"template":"","format":"standard","meta":{"om_disable_all_campaigns":false,"_monsterinsights_skip_tracking":false,"_monsterinsights_sitenote_active":false,"_monsterinsights_sitenote_note":"","_monsterinsights_sitenote_category":0,"footnotes":""},"categories":[6],"tags":[2338,107,3284],"class_list":["post-1649","post","type-post","status-publish","format-standard","has-post-thumbnail","hentry","category-interjeras-bustu-remontas","tag-apzvalga","tag-metu","tag-remeliu"],"aioseo_notices":[],"_links":{"self":[{"href":"https:\/\/www.paskutineszinios.lt\/index.php\/wp-json\/wp\/v2\/posts\/1649","targetHints":{"allow":["GET"]}}],"collection":[{"href":"https:\/\/www.paskutineszinios.lt\/index.php\/wp-json\/wp\/v2\/posts"}],"about":[{"href":"https:\/\/www.paskutineszinios.lt\/index.php\/wp-json\/wp\/v2\/types\/post"}],"author":[{"embeddable":true,"href":"https:\/\/www.paskutineszinios.lt\/index.php\/wp-json\/wp\/v2\/users\/1"}],"replies":[{"embeddable":true,"href":"https:\/\/www.paskutineszinios.lt\/index.php\/wp-json\/wp\/v2\/comments?post=1649"}],"version-history":[{"count":0,"href":"https:\/\/www.paskutineszinios.lt\/index.php\/wp-json\/wp\/v2\/posts\/1649\/revisions"}],"wp:featuredmedia":[{"embeddable":true,"href":"https:\/\/www.paskutineszinios.lt\/index.php\/wp-json\/wp\/v2\/media\/1650"}],"wp:attachment":[{"href":"https:\/\/www.paskutineszinios.lt\/index.php\/wp-json\/wp\/v2\/media?parent=1649"}],"wp:term":[{"taxonomy":"category","embeddable":true,"href":"https:\/\/www.paskutineszinios.lt\/index.php\/wp-json\/wp\/v2\/categories?post=1649"},{"taxonomy":"post_tag","embeddable":true,"href":"https:\/\/www.paskutineszinios.lt\/index.php\/wp-json\/wp\/v2\/tags?post=1649"}],"curies":[{"name":"wp","href":"https:\/\/api.w.org\/{rel}","templated":true}]}}