{"id":100,"date":"2024-07-16T21:05:07","date_gmt":"2024-07-16T21:05:07","guid":{"rendered":"https:\/\/www.paskutineszinios.lt\/index.php\/2024\/07\/16\/pradedama-tilto-per-dubysa-rekonstrukcija-darbu-pabaiga-numatyta-anksciau-nei-planuota\/"},"modified":"2024-07-16T21:05:07","modified_gmt":"2024-07-16T21:05:07","slug":"pradedama-tilto-per-dubysa-rekonstrukcija-darbu-pabaiga-numatyta-anksciau-nei-planuota","status":"publish","type":"post","link":"https:\/\/www.paskutineszinios.lt\/index.php\/2024\/07\/16\/pradedama-tilto-per-dubysa-rekonstrukcija-darbu-pabaiga-numatyta-anksciau-nei-planuota\/","title":{"rendered":"Pradedama tilto per Dubys\u0105 rekonstrukcija: darb\u0173 pabaiga numatyta anks\u010diau nei planuota"},"content":{"rendered":"<p> <br \/>\n<\/p>\n<p><img decoding=\"async\" width=\"1230\" height=\"820\" src=\"https:\/\/miestonaujienos.lt\/wp-content\/uploads\/2024\/07\/0005-img-4271-1720594200.jpg\" class=\"attachment-post-thumbnail size-post-thumbnail wp-post-image\" alt=\"\" loading=\"lazy\" \/><\/p>\n<p>Liepos 9 d., Raseini\u0173 rajono savivaldyb\u0117s meras Arvydas Nekro\u0161ius ir vicemerai Mingaudas Tamali\u016bnas, Jonas Vazgys, mero patar\u0117jai Algirdas Gricius, Indr\u0117 Levickyt\u0117 bei administracijos specialistai susitiko su AB \u201eVia Lietuva\u201c atstovais: Remigijumi Lipkevi\u010diumi (Ry\u0161i\u0173 su suinteresuotomis \u0161alimis vystymo vadovas), Gediminu Katinu (Projekt\u0173 valdymo grup\u0117s vadovas) ir Dariumi Dapkumi (Strategini\u0173 projekt\u0173 valdymo komandos vadovas).<\/p>\n<p>Susitikimo metu AB \u201eVia Lietuva\u201c atstovai informavo, kad \u0161. m. liepos 15 d. bus pradedami jau fiziniai tilto per Dubys\u0105 rekonstravimo darbai. Siekiant u\u017etikrinti eismo dalyvi\u0173 saugum\u0105, keisis eismo organizavimo tvarka \u2013 transporto eismas vyks apylanka, p\u0117s\u010di\u0173j\u0173 ir dviratinink\u0173 \u2013 laikinu tiltu. Planuojama, kad tilto rekonstravimo darbai bus baigti keliais m\u0117nesiais anks\u010diau nei planuota \u2013 kit\u0173 met\u0173 vasaros prad\u017eioje.<\/p>\n<p>Prie\u0161 pradedant vykdyti rangos darbus, \u201eVia Lietuva\u201c u\u017esakymu buvo atlikta papildoma esamo tilto per Dubys\u0105 ekspertiz\u0117 \u2013 \u012fvertinta tilto konstrukcij\u0173 b\u016bkl\u0117 ir patikrinta, ar transporto priemoni\u0173 eismas tilto rekonstravimo metu b\u016bt\u0173 saugus.<\/p>\n<p>Gavus ekspertiz\u0117s i\u0161vadas paai\u0161k\u0117jo, kad per metus, kai lengv\u0173j\u0173 automobili\u0173 eismas (ribojant j\u0173 svor\u012f iki 5,5 t) tiltu buvo leid\u017eiamas, stipriai pablog\u0117jo vidurini\u0173 sij\u0173 b\u016bkl\u0117.<\/p>\n<p>Kaip teigia AB \u201eVia Lietuva\u201c atstovai, tik\u0117tina, jog tuo metu per tilt\u0105 jud\u0117jo sunkesnis transportas nei buvo leid\u017eiama ir net kelis kartus buvo apgadintos tilto konstrukcijos, o tai irgi gal\u0117jo pabloginti jau esam\u0105 situacij\u0105.<\/p>\n<p>Nustatyta, kad tilto konstrukcij\u0173 b\u016bkl\u0117 neatitinka esmini\u0173 statinio reikalavim\u0173 ir juo leisti autotransporto eism\u0105, kai tiltas bus rekonstruojamas, yra nesaugu bei turi b\u016bti grie\u017etai draud\u017eiama.<\/p>\n<blockquote>\n<p>\u201eEismo dalyvi\u0173 saugumas yra pats svarbiausias m\u016bs\u0173 \u012fmon\u0117s prioritetas, tod\u0117l tam, kad u\u017etikrintume saug\u0173 eism\u0105 bei darb\u0173 kokyb\u0119, priimtas sprendimas transporto priemoni\u0173 jud\u0117jim\u0105 rekonstruojamu tiltu u\u017edrausti. Suprantame, kad \u0161is sprendimas gali sukelti nepatogum\u0173 vairuotojams, ta\u010diau nepatogumai laikini, o tilto rekonstrukcija \u2013 b\u016btina. Visgi, suprasdami eismo dalyvi\u0173 l\u016bkes\u010dius, perd\u0117liojome tilto rekonstrukcijos darb\u0173 eig\u0105 ir terminus, tai pad\u0117jo darb\u0173 atlikimo trukm\u0119 suma\u017einti net keturiais m\u0117nesiais\u201c, \u2013 sako \u201eVia Lietuva\u201c Projekt\u0173 valdymo grup\u0117s vadovas Gediminas Katinas.<\/p>\n<\/blockquote>\n<p>Transporto eismas rekonstruojamu tiltu bus draud\u017eiamas nuo \u0161i\u0173 met\u0173 liepos 15 d. iki kit\u0173 met\u0173 bir\u017eelio prad\u017eios. Siekiant u\u017etikrinti saug\u0173 p\u0117s\u010di\u0173j\u0173 ir dviratinink\u0173 eism\u0105, bus \u012frengtas laikinas tiltas, kuriuo p\u0117stieji ir dvira\u010di\u0173 vairuotojai gal\u0117s naudotis jau nuo \u0161. m. liepos 17 d.<\/p>\n<p>Rekonstruojant tilt\u0105 per Dubys\u0105 numatytas tilto pakloto element\u0173 ir perdangos konstrukcij\u0173 pakeitimas, atram\u0173 rekonstravimas, ap\u0161vietimo \u012frengimas. Suplanuoti darbai apims ne tik paties tilto sutvarkym\u0105, bet ir \u0161alia jo esan\u010dios kelio atkarpos atnaujinim\u0105, \u012frengiant p\u0117s\u010di\u0173j\u0173 ir dvira\u010di\u0173 eismui skirt\u0105 infrastrukt\u016br\u0105, \u0161alia esan\u010dios poilsio aik\u0161tel\u0117s sutvarkym\u0105, sankry\u017eos su rajoniniu keliu Ariogala\u2013Betygala\u2013\u0160iluva rekonstravim\u0105 bei ap\u0161vietimo \u012frengim\u0105.<\/p>\n<p>Projekt\u0105 \u012fgyvendina AB \u201eKauno tiltai\u201c, sutarties vert\u0117 \u2013 8 mln. Eur su PVM.<\/p>\n<p>Tam, kad projektas b\u016bt\u0173 prad\u0117tas vykdyti grei\u010diau ir sulaukt\u0173 spartesnio specialist\u0173 d\u0117mesio, Raseini\u0173 rajono savivaldyb\u0117 taip pat dalinai finansi\u0161kai prisid\u0117s prie \u0161io tilto aplinkos sutvarkymo. Apie tai taip pat buvo kalbamasi susitikimo metu.<\/p>\n<h4>Svarbiausia informacija trumpai:<\/h4>\n<ul>\n<li>Raseini\u0173 rajone esan\u010dio tilto per Dubys\u0105 rekonstrukcijos fiziniai darbai bus prad\u0117ti \u0161. m. liepos 15 d.<\/li>\n<li>Siekiant u\u017etikrinti eismo dalyvi\u0173 saugum\u0105 \u2013 eismas rekonstruojamu tiltu bus draud\u017eiamas. Transporto priemoni\u0173 vairuotojai keliones bus kreipiami t\u0119sti apylanka. Dviratininkams ir p\u0117stiesiems iki \u0161. m. liepos 17 d. \u0161alia rekonstruojamo tilto bus \u012frengtas laikinas tiltas.<\/li>\n<li>\u0160. m. liepos 15 d. \u2013 rugpj\u016b\u010dio 5 d. baidarinink\u0173 pra\u0161oma vengti plaukimo ties pradedamu rekonstruoti tiltu per Dubys\u0105.<\/li>\n<li>Tilto rekonstrukcij\u0105 baigti ketinama net 4 m\u0117nesiais anks\u010diau nei planuota, t. y. 2025 m. bir\u017eelio m\u0117n. (anks\u010diau planuota darb\u0173 pabaiga \u2013 2025 m. spalio m\u0117n.)<\/li>\n<\/ul>\n<p>Daugiau naujien\u0173 rasite portale <a rel=\"nofollow\" href=\"https:\/\/miestonaujienos.lt\">Miesto naujienos<\/a>.<\/p>\n<p><br \/>\n<br \/><a href=\"https:\/\/miestonaujienos.lt\/pradedama-tilto-per-dubysa-rekonstrukcija-darbu-pabaiga-numatyta-anksciau-nei-planuota\/\">Source link <\/a><\/p>\n","protected":false},"excerpt":{"rendered":"<p>Liepos 9 d., Raseini\u0173 rajono savivaldyb\u0117s meras Arvydas Nekro\u0161ius ir vicemerai Mingaudas Tamali\u016bnas, Jonas Vazgys, mero patar\u0117jai Algirdas Gricius, Indr\u0117 Levickyt\u0117 bei administracijos specialistai susitiko su AB \u201eVia Lietuva\u201c atstovais: Remigijumi Lipkevi\u010diumi (Ry\u0161i\u0173 su suinteresuotomis \u0161alimis vystymo vadovas), Gediminu Katinu (Projekt\u0173 valdymo grup\u0117s vadovas) ir Dariumi Dapkumi (Strategini\u0173 projekt\u0173 valdymo komandos vadovas). Susitikimo metu AB [&hellip;]<\/p>\n","protected":false},"author":1,"featured_media":101,"comment_status":"open","ping_status":"open","sticky":false,"template":"","format":"standard","meta":{"om_disable_all_campaigns":false,"_monsterinsights_skip_tracking":false,"_monsterinsights_sitenote_active":false,"_monsterinsights_sitenote_note":"","_monsterinsights_sitenote_category":0,"footnotes":""},"categories":[3],"tags":[],"class_list":["post-100","post","type-post","status-publish","format-standard","has-post-thumbnail","hentry","category-miestu-idomybes-aktualijos"],"aioseo_notices":[],"_links":{"self":[{"href":"https:\/\/www.paskutineszinios.lt\/index.php\/wp-json\/wp\/v2\/posts\/100","targetHints":{"allow":["GET"]}}],"collection":[{"href":"https:\/\/www.paskutineszinios.lt\/index.php\/wp-json\/wp\/v2\/posts"}],"about":[{"href":"https:\/\/www.paskutineszinios.lt\/index.php\/wp-json\/wp\/v2\/types\/post"}],"author":[{"embeddable":true,"href":"https:\/\/www.paskutineszinios.lt\/index.php\/wp-json\/wp\/v2\/users\/1"}],"replies":[{"embeddable":true,"href":"https:\/\/www.paskutineszinios.lt\/index.php\/wp-json\/wp\/v2\/comments?post=100"}],"version-history":[{"count":0,"href":"https:\/\/www.paskutineszinios.lt\/index.php\/wp-json\/wp\/v2\/posts\/100\/revisions"}],"wp:featuredmedia":[{"embeddable":true,"href":"https:\/\/www.paskutineszinios.lt\/index.php\/wp-json\/wp\/v2\/media\/101"}],"wp:attachment":[{"href":"https:\/\/www.paskutineszinios.lt\/index.php\/wp-json\/wp\/v2\/media?parent=100"}],"wp:term":[{"taxonomy":"category","embeddable":true,"href":"https:\/\/www.paskutineszinios.lt\/index.php\/wp-json\/wp\/v2\/categories?post=100"},{"taxonomy":"post_tag","embeddable":true,"href":"https:\/\/www.paskutineszinios.lt\/index.php\/wp-json\/wp\/v2\/tags?post=100"}],"curies":[{"name":"wp","href":"https:\/\/api.w.org\/{rel}","templated":true}]}}